{"id":7737,"date":"2026-09-04T13:47:52","date_gmt":"2026-09-04T19:47:52","guid":{"rendered":"https:\/\/camposlawfirm.com\/"},"modified":"2026-09-04T16:22:54","modified_gmt":"2026-09-04T22:22:54","slug":"el-bufete-de-abogados-campos-abre-una-nueva-oficina-en-las-colinas","status":"publish","type":"post","link":"https:\/\/camposlawfirm.com\/es\/el-bufete-de-abogados-campos-abre-una-nueva-oficina-en-las-colinas\/","title":{"rendered":"El bufete de abogados Campos abre una nueva oficina en Las Colinas"},"content":{"rendered":"<p class=\"wp-block-paragraph\"><strong>IRVING, TEXAS<\/strong> \u2014 El bufete de abogados Campos inaugur\u00f3 oficialmente su nueva oficina, situada en el 511 E. John Carpenter Freeway, Las Colinas, Irving, con un acto que reuni\u00f3 a l\u00edderes comunitarios, empresarios, representantes de organizaciones hispanas, miembros de los medios de comunicaci\u00f3n y vecinos de la zona de Dallas-Fort Worth.<\/p>\n\n\n\n<p class=\"wp-block-paragraph\">La apertura de esta sede marca un nuevo cap\u00edtulo para el bufete en Texas y responde a una realidad cada vez m\u00e1s presente entre las familias inmigrantes: muchas personas necesitan que se les escuche, comprender cu\u00e1les son sus opciones y encontrar representaci\u00f3n legal sin sentirse juzgadas por su historial migratorio.<\/p>\n\n\n\n<p class=\"wp-block-paragraph\">Durante la inauguraci\u00f3n, la Dra. Alejandra Campos, fundadora del bufete Campos Law Firm, habl\u00f3 sobre la importancia de defender los derechos de los inmigrantes y de evaluar a fondo cada caso antes de dar por hecho que no existe ninguna alternativa jur\u00eddica.<\/p>\n\n\n\n<p class=\"wp-block-paragraph\">Su mensaje se centr\u00f3 en la esperanza, al tiempo que hizo hincapi\u00e9 en la responsabilidad de ofrecer una orientaci\u00f3n clara y apoyar a las familias en la medida en que lo permita la ley.<\/p>\n\n\n\n<h2 class=\"wp-block-heading\">Informaci\u00f3n que puede influir en las decisiones<\/h2>\n\n\n\n<p class=\"wp-block-paragraph\">Uno de los objetivos de la nueva oficina es facilitar a la comunidad informaci\u00f3n esencial sobre la ayuda humanitaria en materia de inmigraci\u00f3n y otras v\u00edas legales previstas en la legislaci\u00f3n estadounidense.<\/p>\n\n\n\n<p class=\"wp-block-paragraph\">Existen opciones que, en funci\u00f3n de las circunstancias particulares de cada caso, pueden beneficiar a las v\u00edctimas de determinados delitos, de la violencia dom\u00e9stica, de la trata de personas, a los menores que necesitan protecci\u00f3n y a las personas que se encuentran en otras situaciones de vulnerabilidad.<\/p>\n\n\n\n<p class=\"wp-block-paragraph\">Tambi\u00e9n existen v\u00edas legales para quienes deseen estudiar, trabajar, invertir, reunirse con sus familiares o desarrollar un proyecto de vida en Estados Unidos.<\/p>\n\n\n\n<p class=\"wp-block-paragraph\">Para el bufete de abogados Campos, dar a conocer estas opciones legales es tambi\u00e9n una forma proactiva de prevenci\u00f3n.<\/p>\n\n\n\n<p class=\"wp-block-paragraph\">Muchas personas toman decisiones en materia de inmigraci\u00f3n sin conocer todas las opciones disponibles. Disponer de informaci\u00f3n jur\u00eddica fiable antes de emprender el proceso puede ayudar a evitar riesgos innecesarios.<\/p>\n\n\n\n<p class=\"wp-block-paragraph\">Emigrar nunca deber\u00eda suponer arriesgar la vida. Conocer las opciones legales disponibles puede abrir v\u00edas m\u00e1s seguras para las personas y sus familias.<\/p>\n\n\n\n<h2 class=\"wp-block-heading\">Una gran inauguraci\u00f3n a la que asistieron l\u00edderes de la comunidad<\/h2>\n\n\n\n<p class=\"wp-block-paragraph\">La Dra. Alejandra Campos presidi\u00f3 la inauguraci\u00f3n junto a Valentina Murcia, directora de expansi\u00f3n del bufete Campos Law Firm en Dallas.<\/p>\n\n\n\n<p class=\"wp-block-paragraph\">El acto ceremonial de corte de cinta corri\u00f3 a cargo del Dr. Campos, acompa\u00f1ado por Acela G\u00f3mez Garrett, fundadora de la C\u00e1mara de Comercio Hispana del Gran Norte de Texas, y por Ver\u00f3nica Rivera, responsable de participaci\u00f3n comunitaria de \u00abTodos Unidos Creado Por CUT\u00bb.<\/p>\n\n\n\n<p class=\"wp-block-paragraph\">Entre los invitados se encontraban Milton Chinchilla, c\u00f3nsul general de El Salvador en Dallas; Hilcia Bonilla, fundadora de \u00abWe Are El Salvador\u00bb; Emilia Ocampo, directora de la Fundaci\u00f3n Unidos por Amor; Rub\u00e9n Arredondo y Yaneth Lazo, representantes de \u00abSalvadore\u00f1os Unidos Dallas\u00bb; Blanca Roca, empresaria local y l\u00edder comunitaria; Sandra H\u00e9rcules, representante de \u00abEl Salvador Legal and Business\u00bb; Ivonne Gonzalo, fundadora de \u00abGreocca\u00bb; y Luis Balza, director de \u00abMovida Hispana\u00bb, junto con l\u00edderes empresariales, profesionales, periodistas y creadores de contenido de toda la zona de Dallas-Fort Worth.<\/p>\n\n\n\n<p class=\"wp-block-paragraph\">La presencia de l\u00edderes de diversos sectores refleja el compromiso constante de la empresa con el establecimiento de relaciones s\u00f3lidas con organizaciones y personas que trabajan directamente con la comunidad inmigrante.<\/p>\n\n\n\n<h2 class=\"wp-block-heading\">Escuchar antes de debatir las opciones<\/h2>\n\n\n\n<p class=\"wp-block-paragraph\">En el bufete de abogados Campos, la representaci\u00f3n jur\u00eddica comienza por comprender la historia completa de cada persona.<\/p>\n\n\n\n<p class=\"wp-block-paragraph\">No hay dos casos iguales, y no todo el mundo dispone de las mismas opciones. Por ello, una parte fundamental del trabajo del bufete consiste en explicar con claridad lo que permite la ley, identificar los posibles riesgos y evaluar alternativas adecuadas que se adapten a las circunstancias espec\u00edficas de cada cliente.<\/p>\n\n\n\n<p class=\"wp-block-paragraph\">La nueva oficina de Las Colinas pretende ofrecer ese ambiente acogedor <a href=\"https:\/\/camposlawfirm.com\/es\/areas-de-practica\/inmigracion\/\">un espacio para los inmigrantes de todas las nacionalidades que viven en la zona de Dallas-Fort Worth<\/a>.<\/p>\n\n\n\n<p class=\"wp-block-paragraph\">Con esta expansi\u00f3n, el bufete de abogados Campos refuerza su presencia en Texas, bas\u00e1ndose en un compromiso sencillo: garantizar que todas las personas que crucen sus puertas se sientan escuchadas, reciban informaci\u00f3n clara y comprendan sus opciones legales con dignidad y respeto.<\/p>","protected":false},"excerpt":{"rendered":"<p>La nueva sede de Irving tiene como objetivo acercar el asesoramiento jur\u00eddico a las familias inmigrantes y reforzar la representaci\u00f3n basada en la escucha, el respeto y la defensa de sus derechos.<\/p>","protected":false},"author":13,"featured_media":7738,"comment_status":"closed","ping_status":"closed","sticky":true,"template":"","format":"standard","meta":{"footnotes":""},"categories":[1],"tags":[],"class_list":["post-7737","post","type-post","status-publish","format-standard","has-post-thumbnail","hentry","category-news"],"_links":{"self":[{"href":"https:\/\/camposlawfirm.com\/es\/wp-json\/wp\/v2\/posts\/7737","targetHints":{"allow":["GET"]}}],"collection":[{"href":"https:\/\/camposlawfirm.com\/es\/wp-json\/wp\/v2\/posts"}],"about":[{"href":"https:\/\/camposlawfirm.com\/es\/wp-json\/wp\/v2\/types\/post"}],"author":[{"embeddable":true,"href":"https:\/\/camposlawfirm.com\/es\/wp-json\/wp\/v2\/users\/13"}],"replies":[{"embeddable":true,"href":"https:\/\/camposlawfirm.com\/es\/wp-json\/wp\/v2\/comments?post=7737"}],"version-history":[{"count":2,"href":"https:\/\/camposlawfirm.com\/es\/wp-json\/wp\/v2\/posts\/7737\/revisions"}],"predecessor-version":[{"id":7740,"href":"https:\/\/camposlawfirm.com\/es\/wp-json\/wp\/v2\/posts\/7737\/revisions\/7740"}],"wp:featuredmedia":[{"embeddable":true,"href":"https:\/\/camposlawfirm.com\/es\/wp-json\/wp\/v2\/media\/7738"}],"wp:attachment":[{"href":"https:\/\/camposlawfirm.com\/es\/wp-json\/wp\/v2\/media?parent=7737"}],"wp:term":[{"taxonomy":"category","embeddable":true,"href":"https:\/\/camposlawfirm.com\/es\/wp-json\/wp\/v2\/categories?post=7737"},{"taxonomy":"post_tag","embeddable":true,"href":"https:\/\/camposlawfirm.com\/es\/wp-json\/wp\/v2\/tags?post=7737"}],"curies":[{"name":"wp","href":"https:\/\/api.w.org\/{rel}","templated":true}]}}