{"id":7724,"date":"2026-09-02T13:54:40","date_gmt":"2026-09-02T19:54:40","guid":{"rendered":"https:\/\/camposlawfirm.com\/"},"modified":"2026-09-02T13:54:40","modified_gmt":"2026-09-02T19:54:40","slug":"2-197-detenciones-en-nueva-york-lo-que-dice-el-dhs-sobre-la-operacion-rotten-apple-y-lo-que-revelan-los-datos","status":"publish","type":"post","link":"https:\/\/camposlawfirm.com\/es\/2-197-detenciones-en-nueva-york-lo-que-dice-el-dhs-sobre-la-operacion-rotten-apple-y-lo-que-revelan-los-datos\/","title":{"rendered":"2.197 detenciones en Nueva York: lo que dice el DHS sobre la \u00abOperaci\u00f3n Rotten Apple\u00bb y lo que revelan los datos"},"content":{"rendered":"<p class=\"wp-block-paragraph\">Si alg\u00fan familiar tuyo ha sido detenido en Nueva York en las \u00faltimas semanas, lo primero que necesitas no es la cifra oficial de la operaci\u00f3n, sino <strong>en qu\u00e9 situaci\u00f3n procesal se encuentra esa persona concreta<\/strong>. Dos personas detenidas el mismo d\u00eda pueden enfrentarse a plazos y opciones totalmente diferentes.<\/p>\n\n\n\n<p class=\"wp-block-paragraph\">En el bufete de abogados Campos, seguimos de cerca la evoluci\u00f3n de la pol\u00edtica de inmigraci\u00f3n de EE. UU. para proteger los derechos y el futuro de nuestros clientes. A continuaci\u00f3n, explicamos qu\u00e9 ha anunciado el Gobierno, qu\u00e9 ha omitido y qu\u00e9 se puede hacer al respecto.<\/p>\n\n\n\n<h2 class=\"wp-block-heading\">\u00bfQu\u00e9 est\u00e1 pasando?<\/h2>\n\n\n\n<p class=\"wp-block-paragraph\">El <strong>1 de septiembre de 2026<\/strong>, el Departamento de Seguridad Nacional (DHS) anunci\u00f3 el fin de <strong>Operaci\u00f3n \u00abManzana Podrida\u00bb<\/strong>, una operaci\u00f3n del Servicio de Inmigraci\u00f3n y Control de Aduanas (ICE) que se llev\u00f3 a cabo entre <strong>Del 27 de julio al 29 de agosto de 2026<\/strong>. La cifra facilitada por el secretario <strong>Markwayne Mullin<\/strong> era <strong>2.197 detenciones<\/strong>, que abarca no solo la ciudad de Nueva York, sino tambi\u00e9n Long Island, el valle del Hudson y el norte del estado.<\/p>\n\n\n\n<p class=\"wp-block-paragraph\">El Gobierno present\u00f3 la operaci\u00f3n como una respuesta a las pol\u00edticas de acogida. <em>\u201cEstas personas nunca deber\u00edan haber estado en nuestras calles\u201d,\u201d<\/em> Dijo Mullin. <strong>Kenneth Genalo<\/strong>, director de la oficina local de ICE en Nueva York, calific\u00f3 la operaci\u00f3n como <em>\u201cpreciso y eficaz\u201d.\u201d<\/em><\/p>\n\n\n\n<p class=\"wp-block-paragraph\">Coincidi\u00f3 con el <strong>25 de agosto de 2026<\/strong> fecha de entrada en vigor de la Ley estatal sobre \u00abPolic\u00edas locales, delitos locales\u00bb, que proh\u00edbe los acuerdos 287(g) entre los cuerpos locales y el ICE. El gobernador <strong>Kathy Hochul<\/strong> dijo al anunciarlo que Nueva York necesita <em>\u201cLa polic\u00eda local se centra en garantizar la seguridad de nuestras comunidades, no en actuar como agentes de facto del ICE\u201d.\u201d<\/em><\/p>\n\n\n\n<h2 class=\"wp-block-heading\">\u00bfEran realmente personas con antecedentes penales?<\/h2>\n\n\n\n<p class=\"wp-block-paragraph\">Esta es la pregunta clave, y la respuesta sincera es: <strong>No lo sabemos, porque el DHS no lo ha publicado.<\/strong><\/p>\n\n\n\n<p class=\"wp-block-paragraph\">Ni el comunicado de prensa ni la rueda de prensa inclu\u00edan un desglose del n\u00famero de personas, de entre las 2.197, que ten\u00edan condenas, cargos pendientes o ninguna de las dos cosas. El Gobierno ilustr\u00f3 la operaci\u00f3n con <strong>tres casos concretos<\/strong>, pero tres casos no constituyen una estad\u00edstica.<\/p>\n\n\n\n<p class=\"wp-block-paragraph\">Los datos nacionales independientes apuntan en otra direcci\u00f3n:<\/p>\n\n\n\n<ul class=\"wp-block-list\">\n<li>Seg\u00fan <strong>TRAC<\/strong> en la Universidad de Siracusa, a fecha de 11 de julio de 2026, <strong>70,6 por ciento<\/strong> de personas detenidas por el ICE en todo el pa\u00eds <strong>no ten\u00eda antecedentes penales<\/strong>.<\/li>\n\n\n\n<li>Investigador <strong>Austin Kocher<\/strong>, bas\u00e1ndose en las cifras del \u00abDeportation Data Project\u00bb, revel\u00f3 que en julio de 2026 <strong>m\u00e1s de la mitad<\/strong> Ninguno de los detenidos ten\u00eda antecedentes penales.<\/li>\n\n\n\n<li>A <strong>Instituto Cato<\/strong> Un an\u00e1lisis realizado a partir de los datos de noviembre de 2025 revel\u00f3 que <strong>el 73 por ciento<\/strong> sin haber sido condenado y solo <strong>5 por ciento<\/strong> con condenas por delitos violentos.<\/li>\n<\/ul>\n\n\n\n<p class=\"wp-block-paragraph\">Cabe hacer una advertencia metodol\u00f3gica: <strong>Esas cifras son a nivel nacional, no se refieren espec\u00edficamente a esta operaci\u00f3n.<\/strong> A\u00fan no existe un desglose independiente de las 2.197 personas. Lo que s\u00ed se puede afirmar con rigor es que la operaci\u00f3n se llev\u00f3 a cabo dentro de un patr\u00f3n nacional en el que la mayor\u00eda de las personas detenidas no tienen antecedentes penales, y que el DHS no facilit\u00f3 ning\u00fan dato que situara a \u00abRotten Apple\u00bb fuera de ese patr\u00f3n.<\/p>\n\n\n\n<h2 class=\"wp-block-heading\">D\u00f3nde se produjeron las detenciones y por qu\u00e9 es importante<\/h2>\n\n\n\n<p class=\"wp-block-paragraph\">Es muy importante, porque de ello puede depender la legalidad de una detenci\u00f3n.<\/p>\n\n\n\n<p class=\"wp-block-paragraph\">El <strong>18 de mayo de 2026<\/strong>, juez federal <strong>Kevin Castel<\/strong> del Distrito Sur de Nueva York <strong>impidi\u00f3 que el ICE llevara a cabo detenciones civiles por motivos de inmigraci\u00f3n<\/strong> en los tres tribunales de inmigraci\u00f3n de Manhattan \u201426 Federal Plaza, 290 Broadway y 201 Varick Street\u2014 y sus alrededores, y concluye que la agencia nunca tuvo justificaci\u00f3n legal para dicha pr\u00e1ctica. La orden permite excepciones limitadas por motivos de seguridad.<\/p>\n\n\n\n<p class=\"wp-block-paragraph\">A pesar de esa orden, se documentaron al menos seis detenciones en esos juzgados, y el juez exigi\u00f3 explicaciones a ICE. Tambi\u00e9n existe un litigio independiente, interpuesto por la ACLU y la NYCLU, sobre las condiciones de detenci\u00f3n en el 26 Federal Plaza.<\/p>\n\n\n\n<p class=\"wp-block-paragraph\"><strong>Si la detenci\u00f3n de tu familiar tuvo lugar en uno de esos juzgados o en sus inmediaciones, existe un argumento directo que sostiene que fue ilegal.<\/strong> Eso es lo primero que deber\u00eda preguntar un abogado.<\/p>\n\n\n\n<h2 class=\"wp-block-heading\">Qu\u00e9 hacer si han detenido a un familiar<\/h2>\n\n\n\n<ul class=\"wp-block-list\">\n<li><strong>Consigue el n\u00famero A y localiza a la persona:<\/strong> El localizador de ICE se encuentra en locator.ice.gov; permite realizar b\u00fasquedas por n\u00famero A y pa\u00eds de nacimiento, o por nombre completo, fecha de nacimiento y pa\u00eds. La actualizaci\u00f3n puede tardar entre 24 y 48 horas, o incluso m\u00e1s, y el tiempo de actualizaci\u00f3n se alarga a\u00fan m\u00e1s tras operaciones a gran escala.<\/li>\n\n\n\n<li><strong>Echa un vistazo a los centros fuera del estado.<\/strong> Las personas detenidas en Nueva York suelen ser trasladadas a Nueva Jersey y Pensilvania, y un traslado determina qu\u00e9 tribunal se encarga de tramitar una solicitud de h\u00e1beas corpus. La rapidez es fundamental.<\/li>\n\n\n\n<li><strong>Averigua si existe alguna orden de desalojo anterior.<\/strong> Si existe tal persona y ha vuelto a entrar sin autorizaci\u00f3n, el Gobierno puede <strong>reincorporar<\/strong> eso (art\u00edculo 241(a)(5)): no habr\u00e1 nueva vista ante un juez de inmigraci\u00f3n, no habr\u00e1 fianza y la expulsi\u00f3n puede producirse en cuesti\u00f3n de d\u00edas. Lo \u00fanico que queda es la entrevista sobre el temor fundado. Este \u00fanico hecho cambia por completo la estrategia.<\/li>\n\n\n\n<li><strong>Pregunta por la fianza.<\/strong> La norma general (art\u00edculo 236(a)) permite celebrar una vista de revisi\u00f3n de la detenci\u00f3n ante un juez de inmigraci\u00f3n. Sin embargo, determinadas condenas dan lugar a la detenci\u00f3n obligatoria (art\u00edculo 236(c)), y desde 2025 el Gobierno ha sostenido que las personas que entraron sin pasar por el control de inmigraci\u00f3n no tienen acceso alguno a la fianza, una postura respaldada por la Junta de Apelaciones de Inmigraci\u00f3n y que sigue siendo objeto de litigio en los tribunales federales.<\/li>\n\n\n\n<li><strong>Considerar el h\u00e1beas corpus<\/strong> (28 U.S.C. \u00a7 2241) cuando no se tiene acceso a un juez de inmigraci\u00f3n, cuando la detenci\u00f3n se prolonga sin justificaci\u00f3n o cuando la detenci\u00f3n infringi\u00f3 una orden judicial.<\/li>\n\n\n\n<li><strong>No firmes nada sin un abogado.<\/strong> Sobre todo <strong>Formulario I-826<\/strong>, que incluye la casilla de salida voluntaria, la expulsi\u00f3n ordenada y <strong>Formulario I-871<\/strong> para la reincorporaci\u00f3n. No olvides solicitar y conservar el <strong>Notificaci\u00f3n de comparecencia (Formulario I-862)<\/strong>.<\/li>\n\n\n\n<li><strong>Busca un representante:<\/strong> Nueva York cuenta con el NYIFUP, un programa de representaci\u00f3n jur\u00eddica para inmigrantes detenidos, adem\u00e1s de organizaciones como la Coalici\u00f3n de Inmigraci\u00f3n de Nueva York y Make the Road New York. La ciudad ofrece asistencia jur\u00eddica gratuita en materia de inmigraci\u00f3n a trav\u00e9s del 311.<\/li>\n<\/ul>\n\n\n\n<h2 class=\"wp-block-heading\">Protege a tu familia con el bufete de abogados Campos<\/h2>\n\n\n\n<p class=\"wp-block-paragraph\">La cifra global de una operaci\u00f3n no dice nada sobre un caso concreto. Lo que determina el resultado es si existe una orden previa, qu\u00e9 consta en el expediente, d\u00f3nde y c\u00f3mo se produjo la detenci\u00f3n, y con qu\u00e9 rapidez se act\u00faa durante los primeros d\u00edas.<\/p>\n\n\n\n<p class=\"wp-block-paragraph\">En el bufete de abogados Campos localizamos a la persona, revisamos el expediente y seguimos el procedimiento que corresponda. <a href=\"https:\/\/camposlawfirm.com\/es\/areas-de-practica\/inmigracion\/\">No dejes su situaci\u00f3n migratoria en manos del azar.<\/a> Ll\u00e1manos hoy mismo al <strong>+1 (844) 922-6767<\/strong> para concertar una consulta gratuita y confidencial en ingl\u00e9s o en espa\u00f1ol. Bufete de Abogados Campos: soluciones jur\u00eddicas en todas las \u00e1reas del derecho.<\/p>\n\n\n\n<p class=\"wp-block-paragraph\"><\/p>","protected":false},"excerpt":{"rendered":"<p>El DHS anunci\u00f3 2.197 detenciones en una operaci\u00f3n llevada a cabo en Nueva York durante un mes y la describi\u00f3 como centrada en la lucha contra la delincuencia, pero no public\u00f3 ning\u00fan desglose. A continuaci\u00f3n se indica qu\u00e9 hacer si un familiar ha sido detenido.<\/p>","protected":false},"author":13,"featured_media":7725,"comment_status":"closed","ping_status":"","sticky":false,"template":"","format":"standard","meta":{"footnotes":""},"categories":[1],"tags":[],"class_list":["post-7724","post","type-post","status-publish","format-standard","has-post-thumbnail","hentry","category-news"],"_links":{"self":[{"href":"https:\/\/camposlawfirm.com\/es\/wp-json\/wp\/v2\/posts\/7724","targetHints":{"allow":["GET"]}}],"collection":[{"href":"https:\/\/camposlawfirm.com\/es\/wp-json\/wp\/v2\/posts"}],"about":[{"href":"https:\/\/camposlawfirm.com\/es\/wp-json\/wp\/v2\/types\/post"}],"author":[{"embeddable":true,"href":"https:\/\/camposlawfirm.com\/es\/wp-json\/wp\/v2\/users\/13"}],"replies":[{"embeddable":true,"href":"https:\/\/camposlawfirm.com\/es\/wp-json\/wp\/v2\/comments?post=7724"}],"version-history":[{"count":1,"href":"https:\/\/camposlawfirm.com\/es\/wp-json\/wp\/v2\/posts\/7724\/revisions"}],"predecessor-version":[{"id":7728,"href":"https:\/\/camposlawfirm.com\/es\/wp-json\/wp\/v2\/posts\/7724\/revisions\/7728"}],"wp:featuredmedia":[{"embeddable":true,"href":"https:\/\/camposlawfirm.com\/es\/wp-json\/wp\/v2\/media\/7725"}],"wp:attachment":[{"href":"https:\/\/camposlawfirm.com\/es\/wp-json\/wp\/v2\/media?parent=7724"}],"wp:term":[{"taxonomy":"category","embeddable":true,"href":"https:\/\/camposlawfirm.com\/es\/wp-json\/wp\/v2\/categories?post=7724"},{"taxonomy":"post_tag","embeddable":true,"href":"https:\/\/camposlawfirm.com\/es\/wp-json\/wp\/v2\/tags?post=7724"}],"curies":[{"name":"wp","href":"https:\/\/api.w.org\/{rel}","templated":true}]}}